{"id":2185,"date":"2025-04-24T11:31:34","date_gmt":"2025-04-24T14:31:34","guid":{"rendered":"https:\/\/www.alphavillecampinasclube.com.br\/?p=2185"},"modified":"2025-04-24T11:31:37","modified_gmt":"2025-04-24T14:31:37","slug":"expansao-academia-acc-um-novo-espaco-para-cuidar-de-voce","status":"publish","type":"post","link":"https:\/\/www.alphavillecampinasclube.com.br\/index.php\/2025\/04\/24\/expansao-academia-acc-um-novo-espaco-para-cuidar-de-voce\/","title":{"rendered":"Expans\u00e3o Academia ACC: Um novo espa\u00e7o para cuidar de voc\u00ea!"},"content":{"rendered":"\n<p>No dia 24 de mar\u00e7o, o Clube viveu <strong>um<\/strong><strong> momento muito<\/strong><strong> <\/strong><strong>esp<\/strong><strong>ecia<\/strong><strong>l:<\/strong><strong> foi<\/strong><strong> rea<\/strong><strong>liz<\/strong><strong>ad<\/strong><strong>a <\/strong><strong>a t\u00e3<\/strong><strong>o <\/strong><strong>agu<\/strong><strong>ar<\/strong><strong>d<\/strong><strong>ada <\/strong><strong>i<\/strong><strong>n<\/strong><strong>augura\u00e7\u00e3o da<\/strong><strong> expans\u00e3<\/strong><strong>o <\/strong><strong>da<\/strong><strong> noss<\/strong>a Academia! Um projeto pensado com carinho e dedica\u00e7\u00e3o para <strong>of<\/strong><strong>erec<\/strong><strong>er mais co<\/strong><strong>nforto, qu<\/strong><strong>al<\/strong><strong>id<\/strong><strong>ad<\/strong><strong>e<\/strong><strong> <\/strong><strong>e <\/strong><strong>estrutura<\/strong> aos nossos associados que priorizam sa\u00fade e bem-estar em sua rotina.<\/p>\n\n\n\n<p>Para marcar essa nova fase, preparamos <strong>um delicioso caf\u00e9 da manh\u00e3<\/strong> logo nas primeiras horas do dia. Associados foram recebidos com frutas, sucos, p\u00e3es, bolos e aquele caf\u00e9 quentinho que combina perfeitamente com bons momentos. Foi uma manh\u00e3 leve, animada e cheia de expectativas positivas!<\/p>\n\n\n\n<p>A nova \u00e1rea da Academia foi cuidadosamente planejada para atender melhor nossos alunos, <strong>com amp<\/strong><strong>lia\u00e7\u00e3<\/strong><strong>o d<\/strong><strong>os ambientes, novo<\/strong><strong>s equ<\/strong><strong>ipament<\/strong><strong>os, e melhor aproveitamento do <\/strong><strong>espa\u00e7<\/strong><strong>o,<\/strong><strong> garantindo m<\/strong><strong>ais fluidez durante os trei<\/strong><strong>nos e conforto no dia a dia.<\/strong> A estrutura agora est\u00e1 ainda mais moderna, funcional e convidativa.<\/p>\n\n\n\n<p>Com a expans\u00e3o, o Clube reafirma seu compromisso com o incentivo \u00e0 pr\u00e1tica esportiva e \u00e0 qualidade de vida. A Academia j\u00e1 \u00e9 um dos espa\u00e7os mais frequentados do Clube, e agora, com a amplia\u00e7\u00e3o, ela se torna ainda mais preparada para receber novos alunos e motivar quem j\u00e1 faz parte.<\/p>\n\n\n\n<p>Se voc\u00ea ainda n\u00e3o conhece a Academia do Clube, essa \u00e9 a hora perfeita para visitar, conhecer os novos espa\u00e7os e fazer sua matr\u00edcula. A equipe est\u00e1 pronta para te receber e ajudar no seu plano de treinos, seja voc\u00ea iniciante ou j\u00e1 veterano nas atividades f\u00edsicas!<\/p>\n\n\n\n<p>A inaugura\u00e7\u00e3o da expans\u00e3o da Academia \u00e9 mais um passo no nosso compromisso cont\u00ednuo de evoluir, ouvir nossos associados e investir em melhorias que fazem a diferen\u00e7a no dia a dia de quem vive o Clube. A todos que participaram da inaugura\u00e7\u00e3o, nosso muito obrigado!<\/p>\n","protected":false},"excerpt":{"rendered":"<p>No dia 24 de mar\u00e7o, o Clube viveu um momento muito especial: foi realizada a t\u00e3o aguardada inaugura\u00e7\u00e3o da expans\u00e3o da nossa Academia! Um projeto pensado com carinho e dedica\u00e7\u00e3o para oferecer mais conforto, qualidade e estrutura aos nossos associados que priorizam sa\u00fade e bem-estar em sua rotina. Para marcar essa nova fase, preparamos um delicioso caf\u00e9 da manh\u00e3 logo [&hellip;]<\/p>\n","protected":false},"author":5,"featured_media":2186,"comment_status":"open","ping_status":"open","sticky":false,"template":"","format":"standard","meta":{"_exactmetrics_skip_tracking":false,"_exactmetrics_sitenote_active":false,"_exactmetrics_sitenote_note":"","_exactmetrics_sitenote_category":0,"footnotes":""},"categories":[26],"tags":[],"class_list":["post-2185","post","type-post","status-publish","format-standard","has-post-thumbnail","hentry","category-noticias-acc"],"_links":{"self":[{"href":"https:\/\/www.alphavillecampinasclube.com.br\/index.php\/wp-json\/wp\/v2\/posts\/2185","targetHints":{"allow":["GET"]}}],"collection":[{"href":"https:\/\/www.alphavillecampinasclube.com.br\/index.php\/wp-json\/wp\/v2\/posts"}],"about":[{"href":"https:\/\/www.alphavillecampinasclube.com.br\/index.php\/wp-json\/wp\/v2\/types\/post"}],"author":[{"embeddable":true,"href":"https:\/\/www.alphavillecampinasclube.com.br\/index.php\/wp-json\/wp\/v2\/users\/5"}],"replies":[{"embeddable":true,"href":"https:\/\/www.alphavillecampinasclube.com.br\/index.php\/wp-json\/wp\/v2\/comments?post=2185"}],"version-history":[{"count":1,"href":"https:\/\/www.alphavillecampinasclube.com.br\/index.php\/wp-json\/wp\/v2\/posts\/2185\/revisions"}],"predecessor-version":[{"id":2187,"href":"https:\/\/www.alphavillecampinasclube.com.br\/index.php\/wp-json\/wp\/v2\/posts\/2185\/revisions\/2187"}],"wp:featuredmedia":[{"embeddable":true,"href":"https:\/\/www.alphavillecampinasclube.com.br\/index.php\/wp-json\/wp\/v2\/media\/2186"}],"wp:attachment":[{"href":"https:\/\/www.alphavillecampinasclube.com.br\/index.php\/wp-json\/wp\/v2\/media?parent=2185"}],"wp:term":[{"taxonomy":"category","embeddable":true,"href":"https:\/\/www.alphavillecampinasclube.com.br\/index.php\/wp-json\/wp\/v2\/categories?post=2185"},{"taxonomy":"post_tag","embeddable":true,"href":"https:\/\/www.alphavillecampinasclube.com.br\/index.php\/wp-json\/wp\/v2\/tags?post=2185"}],"curies":[{"name":"wp","href":"https:\/\/api.w.org\/{rel}","templated":true}]}}